{"id":343,"date":"2013-02-22T16:15:11","date_gmt":"2013-02-22T16:15:11","guid":{"rendered":"http:\/\/192.254.236.177\/~keatonrm\/?p=343"},"modified":"2022-08-26T16:00:52","modified_gmt":"2022-08-26T23:00:52","slug":"girl-conquers-phobia-upcoming-st-baldricks-event","status":"publish","type":"post","link":"https:\/\/childcancer.org\/es\/blog\/girl-conquers-phobia-upcoming-st-baldricks-event\/","title":{"rendered":"Chica conquista la fobia por el pr\u00f3ximo evento de St. Baldrick"},"content":{"rendered":"<figure id=\"attachment_344\" aria-describedby=\"caption-attachment-344\" style=\"width: 165px\" class=\"wp-caption alignleft\"><a href=\"http:\/\/192.254.236.177\/~keatonrm\/assets\/st-baldricks-2013.jpg\"><img decoding=\"async\" class=\"size-full wp-image-344\" alt=\"Photo by Karina Blackburn, Press Tribune corrospondant.  Emma Eckhardt braves a life-long fear of getting her hair cut to help the upcoming St. Baldrick's event for childhood cancer.\" src=\"http:\/\/192.254.236.177\/~keatonrm\/assets\/st-baldricks-2013.jpg\" width=\"165\" height=\"250\" \/><\/a><figcaption id=\"caption-attachment-344\" class=\"wp-caption-text\">Foto de Karina Blackburn, corrospondiente de Press Tribune.<br \/>Emma Eckhardt desaf\u00eda un miedo de toda la vida de cortarse el pelo para ayudar al pr\u00f3ximo evento de St. Baldrick&#039;s para el c\u00e1ncer infantil.<\/figcaption><\/figure>\n<p>La recaudaci\u00f3n de fondos anual en Roseville impulsar\u00e1 el efectivo hacia una cura<\/p>\n<p>Desde que tiene memoria, Emma Eckhardt experiment\u00f3 una ansiedad paralizante cuando se cort\u00f3 el cabello, una maldici\u00f3n similar a la de Rapunzel que est\u00e1 logrando vencer para ayudar con un evento en Roseville dise\u00f1ado para combatir el c\u00e1ncer infantil.<\/p>\n<p><a href=\"http:\/\/www.thepresstribune.com\/article\/girl-conquers-phobia-upcoming-st-baldrick%E2%80%99s-cancer-event\" target=\"_blank\" rel=\"noopener\">Leer art\u00edculo completo<\/a> seg\u00fan lo publicado por Roseville &amp; Granite Bay Press Tribune<\/p>","protected":false},"excerpt":{"rendered":"<p>Annual fundraiser in Roseville will push cash towards a cure Ever since she can remember, Emma Eckhardt experienced crippling anxiety around having her hair cut \u2014 a Rapunzel-like curse she\u2019s [&hellip;]<\/p>\n","protected":false},"author":2,"featured_media":0,"comment_status":"closed","ping_status":"closed","sticky":false,"template":"","format":"standard","meta":{"_acf_changed":false,"give_campaign_id":0,"footnotes":""},"categories":[1,11],"tags":[34],"class_list":["post-343","post","type-post","status-publish","format-standard","hentry","category-blog","category-print-media-news","tag-narrow"],"acf":[],"_links":{"self":[{"href":"https:\/\/childcancer.org\/es\/wp-json\/wp\/v2\/posts\/343","targetHints":{"allow":["GET"]}}],"collection":[{"href":"https:\/\/childcancer.org\/es\/wp-json\/wp\/v2\/posts"}],"about":[{"href":"https:\/\/childcancer.org\/es\/wp-json\/wp\/v2\/types\/post"}],"author":[{"embeddable":true,"href":"https:\/\/childcancer.org\/es\/wp-json\/wp\/v2\/users\/2"}],"replies":[{"embeddable":true,"href":"https:\/\/childcancer.org\/es\/wp-json\/wp\/v2\/comments?post=343"}],"version-history":[{"count":0,"href":"https:\/\/childcancer.org\/es\/wp-json\/wp\/v2\/posts\/343\/revisions"}],"wp:attachment":[{"href":"https:\/\/childcancer.org\/es\/wp-json\/wp\/v2\/media?parent=343"}],"wp:term":[{"taxonomy":"category","embeddable":true,"href":"https:\/\/childcancer.org\/es\/wp-json\/wp\/v2\/categories?post=343"},{"taxonomy":"post_tag","embeddable":true,"href":"https:\/\/childcancer.org\/es\/wp-json\/wp\/v2\/tags?post=343"}],"curies":[{"name":"palabra clave","href":"https:\/\/api.w.org\/{rel}","templated":true}]}}