{"id":322,"date":"2011-10-12T15:54:26","date_gmt":"2011-10-12T15:54:26","guid":{"rendered":"http:\/\/192.254.236.177\/~keatonrm\/?p=322"},"modified":"2022-08-26T15:48:51","modified_gmt":"2022-08-26T22:48:51","slug":"celebrity-stylist-visits-young-cancer-survivor","status":"publish","type":"post","link":"https:\/\/childcancer.org\/es\/blog\/celebrity-stylist-visits-young-cancer-survivor\/","title":{"rendered":"Estilista famoso visita a joven sobreviviente de c\u00e1ncer"},"content":{"rendered":"<h2><a style=\"font-size: 1.5em;\" href=\"http:\/\/192.254.236.177\/~keatonrm\/assets\/celebrity-stylist.jpg\"><img decoding=\"async\" class=\"alignleft size-full wp-image-323\" alt=\"Celebrity stylist visits with young cancer survivor\" src=\"http:\/\/192.254.236.177\/~keatonrm\/assets\/celebrity-stylist.jpg\" width=\"188\" height=\"250\" \/><\/a><\/h2>\n<h2>Evento de estilo VIP recauda fondos para Keaton Raphael Memorial<\/h2>\n<p>Recaudar fondos para ayudar a las familias que luchan contra el c\u00e1ncer infantil siempre est\u00e1 de moda. M\u00e1s de 125 invitados del Keaton Raphael Memorial recibieron el tratamiento VIP el s\u00e1bado y el domingo durante el Westfield Style Tour.<\/p>\n<p><a href=\"http:\/\/www.thepresstribune.com\/article\/celebrity-stylist-visits-young-cancer-survivor\" target=\"_blank\" rel=\"noopener\">Leer art\u00edculo completo<\/a> seg\u00fan lo publicado por Roseville &amp; Granite Bay Press Tribune<\/p>","protected":false},"excerpt":{"rendered":"<p>VIP style event raises funds for Keaton Raphael Memorial Raising funds to help families battling childhood cancer is always in style. More than 125 guests of the Keaton Raphael Memorial [&hellip;]<\/p>\n","protected":false},"author":2,"featured_media":0,"comment_status":"closed","ping_status":"closed","sticky":false,"template":"","format":"standard","meta":{"_acf_changed":false,"give_campaign_id":0,"footnotes":""},"categories":[1,11],"tags":[34],"class_list":["post-322","post","type-post","status-publish","format-standard","hentry","category-blog","category-print-media-news","tag-narrow"],"acf":[],"_links":{"self":[{"href":"https:\/\/childcancer.org\/es\/wp-json\/wp\/v2\/posts\/322","targetHints":{"allow":["GET"]}}],"collection":[{"href":"https:\/\/childcancer.org\/es\/wp-json\/wp\/v2\/posts"}],"about":[{"href":"https:\/\/childcancer.org\/es\/wp-json\/wp\/v2\/types\/post"}],"author":[{"embeddable":true,"href":"https:\/\/childcancer.org\/es\/wp-json\/wp\/v2\/users\/2"}],"replies":[{"embeddable":true,"href":"https:\/\/childcancer.org\/es\/wp-json\/wp\/v2\/comments?post=322"}],"version-history":[{"count":0,"href":"https:\/\/childcancer.org\/es\/wp-json\/wp\/v2\/posts\/322\/revisions"}],"wp:attachment":[{"href":"https:\/\/childcancer.org\/es\/wp-json\/wp\/v2\/media?parent=322"}],"wp:term":[{"taxonomy":"category","embeddable":true,"href":"https:\/\/childcancer.org\/es\/wp-json\/wp\/v2\/categories?post=322"},{"taxonomy":"post_tag","embeddable":true,"href":"https:\/\/childcancer.org\/es\/wp-json\/wp\/v2\/tags?post=322"}],"curies":[{"name":"palabra clave","href":"https:\/\/api.w.org\/{rel}","templated":true}]}}