{"id":18044,"date":"2026-03-16T10:00:53","date_gmt":"2026-03-16T17:00:53","guid":{"rendered":"https:\/\/childcancer.org\/?p=18044"},"modified":"2026-06-09T09:50:22","modified_gmt":"2026-06-09T16:50:22","slug":"keatons-child-cancer-alliance-mission-in-motion-winter-spring-2026","status":"publish","type":"post","link":"https:\/\/childcancer.org\/es\/keatons-mission-in-motion-winter\/spring-2026\/","title":{"rendered":"Alianza contra el C\u00e1ncer Infantil de Keaton \u2013 Misi\u00f3n en marcha Invierno\/Primavera 2026"},"content":{"rendered":"<div data-elementor-type=\"wp-post\" data-elementor-id=\"18044\" class=\"elementor elementor-18044\" data-elementor-post-type=\"post\">\n\t\t\t\t\t\t<section class=\"elementor-section elementor-top-section elementor-element elementor-element-0178457 elementor-section-boxed elementor-section-height-default elementor-section-height-default\" data-id=\"0178457\" data-element_type=\"section\" data-e-type=\"section\" data-settings=\"{&quot;jet_parallax_layout_list&quot;:[]}\">\n\t\t\t\t\t\t<div class=\"elementor-container elementor-column-gap-default\">\n\t\t\t\t\t<div class=\"elementor-column elementor-col-100 elementor-top-column elementor-element elementor-element-35a9852\" data-id=\"35a9852\" data-element_type=\"column\" data-e-type=\"column\">\n\t\t\t<div class=\"elementor-widget-wrap elementor-element-populated\">\n\t\t\t\t\t\t<section class=\"elementor-section elementor-inner-section elementor-element elementor-element-ce1aa53 elementor-section-boxed elementor-section-height-default elementor-section-height-default\" data-id=\"ce1aa53\" data-element_type=\"section\" data-e-type=\"section\" data-settings=\"{&quot;jet_parallax_layout_list&quot;:[]}\">\n\t\t\t\t\t\t<div class=\"elementor-container elementor-column-gap-default\">\n\t\t\t\t\t<div class=\"elementor-column elementor-col-50 elementor-inner-column elementor-element elementor-element-d8776ce\" data-id=\"d8776ce\" data-element_type=\"column\" data-e-type=\"column\">\n\t\t\t<div class=\"elementor-widget-wrap elementor-element-populated\">\n\t\t\t\t\t\t<div class=\"elementor-element elementor-element-eb81d41 elementor-widget__width-initial dce_masking-none elementor-widget elementor-widget-image\" data-id=\"eb81d41\" data-element_type=\"widget\" data-e-type=\"widget\" data-widget_type=\"image.default\">\n\t\t\t\t<div class=\"elementor-widget-container\">\n\t\t\t\t\t\t\t\t\t\t\t\t\t\t\t\t<a href=\"https:\/\/childcancer.org\/wp-content\/uploads\/2026\/06\/Winter-Spring-2026-Keatons-Mission-in-Motion-Newsletter.pdf\" target=\"_blank\">\n\t\t\t\t\t\t\t<img fetchpriority=\"high\" decoding=\"async\" width=\"800\" height=\"520\" src=\"https:\/\/childcancer.org\/wp-content\/uploads\/2026\/06\/Mission-in-Motion-Website-Image-Winter-Spring-2026.png\" class=\"attachment-large size-large wp-image-18047\" alt=\"\" srcset=\"https:\/\/childcancer.org\/wp-content\/uploads\/2026\/06\/Mission-in-Motion-Website-Image-Winter-Spring-2026.png 800w, https:\/\/childcancer.org\/wp-content\/uploads\/2026\/06\/Mission-in-Motion-Website-Image-Winter-Spring-2026-300x195.png 300w, https:\/\/childcancer.org\/wp-content\/uploads\/2026\/06\/Mission-in-Motion-Website-Image-Winter-Spring-2026-768x499.png 768w, https:\/\/childcancer.org\/wp-content\/uploads\/2026\/06\/Mission-in-Motion-Website-Image-Winter-Spring-2026-18x12.png 18w\" sizes=\"(max-width: 800px) 100vw, 800px\" \/>\t\t\t\t\t\t\t\t<\/a>\n\t\t\t\t\t\t\t\t\t\t\t\t\t\t\t<\/div>\n\t\t\t\t<\/div>\n\t\t\t\t\t<\/div>\n\t\t<\/div>\n\t\t\t\t<div class=\"elementor-column elementor-col-50 elementor-inner-column elementor-element elementor-element-bac16b4\" data-id=\"bac16b4\" data-element_type=\"column\" data-e-type=\"column\">\n\t\t\t<div class=\"elementor-widget-wrap elementor-element-populated\">\n\t\t\t\t\t\t<div class=\"elementor-element elementor-element-85f1d53 elementor-widget elementor-widget-text-editor\" data-id=\"85f1d53\" data-element_type=\"widget\" data-e-type=\"widget\" data-widget_type=\"text-editor.default\">\n\t\t\t\t<div class=\"elementor-widget-container\">\n\t\t\t\t\t\t\t\t\t<h3>En esta edici\u00f3n de Mission in Motion de Keaton<\/h3><ul><li>\u00a1Viva la esperanza! Celebramos el \u00e9xito de la 13.\u00aa Gala Anual Glow for Gold de Keaton.<\/li><li>Celebra 28 a\u00f1os de esperanza con una pintura especial de David Garibaldi.<\/li><li>Sintoniza una conversaci\u00f3n con la directora ejecutiva de Keaton, Jessica Alonso, para conocer m\u00e1s a fondo nuestro trabajo y la fortaleza de las familias a las que servimos.<\/li><li>\u00danete a nuestras familias en momentos especiales, creando alegr\u00eda y conexi\u00f3n.<\/li><li>Compartan la generosidad de nuestra comunidad y recuerden a las familias que juntos luchamos.<\/li><li>Anote en su calendario el 29\u00ba Torneo Anual de Golf de Keaton \u201cLuchando contra el c\u00e1ncer infantil\u201d.<\/li><li>Reserva la fecha para la primera Caminata Ben\u00e9fica de Oro de 5 km de Keaton, el s\u00e1bado 12 de septiembre.<\/li><\/ul>\t\t\t\t\t\t\t\t<\/div>\n\t\t\t\t<\/div>\n\t\t\t\t<div class=\"elementor-element elementor-element-e32f22b elementor-align-center elementor-widget elementor-widget-button\" data-id=\"e32f22b\" data-element_type=\"widget\" data-e-type=\"widget\" data-widget_type=\"button.default\">\n\t\t\t\t<div class=\"elementor-widget-container\">\n\t\t\t\t\t\t\t\t\t<div class=\"elementor-button-wrapper\">\n\t\t\t\t\t<a class=\"elementor-button elementor-button-link elementor-size-sm\" href=\"https:\/\/childcancer.org\/wp-content\/uploads\/2026\/06\/Winter-Spring-2026-Keatons-Mission-in-Motion-Newsletter.pdf\" target=\"_blank\">\n\t\t\t\t\t\t<span class=\"elementor-button-content-wrapper\">\n\t\t\t\t\t\t\t\t\t<span class=\"elementor-button-text\">Lea la misi\u00f3n de Keaton en movimiento aqu\u00ed<\/span>\n\t\t\t\t\t<\/span>\n\t\t\t\t\t<\/a>\n\t\t\t\t<\/div>\n\t\t\t\t\t\t\t\t<\/div>\n\t\t\t\t<\/div>\n\t\t\t\t\t<\/div>\n\t\t<\/div>\n\t\t\t\t\t<\/div>\n\t\t<\/section>\n\t\t\t\t\t<\/div>\n\t\t<\/div>\n\t\t\t\t\t<\/div>\n\t\t<\/section>\n\t\t\t\t<\/div>","protected":false},"excerpt":{"rendered":"<p>En esta edici\u00f3n de Misi\u00f3n en Movimiento de Keaton: \u00a1Viva la Esperanza!, celebramos el \u00e9xito de la 13.\u00aa Gala Anual Glow for Gold de Keaton. \u2022 Honre 28 a\u00f1os de esperanza con una pintura especial de David Garibaldi. \u2022 Sintonice una conversaci\u00f3n con la Directora Ejecutiva de Keaton, Jessica Alonso, para conocer m\u00e1s a fondo nuestro trabajo y la fortaleza de las familias a las que servimos. \u2022 Participe en momentos especiales con nuestras familias, creando alegr\u00eda y conexi\u00f3n.<br \/>\n\u00danase a la generosidad de nuestra comunidad y recuerde a las familias que juntos luchamos. \u2022 Anote en su calendario el 29.\u00ba Torneo Anual de Golf \u201cLuchando contra el C\u00e1ncer Infantil\u201d de Keaton. \u2022 Reserve la fecha para la primera Caminata de Oro de la Esperanza de 5 km de Keaton, el s\u00e1bado 12 de septiembre.<\/p>","protected":false},"author":5,"featured_media":18047,"comment_status":"closed","ping_status":"open","sticky":false,"template":"","format":"standard","meta":{"_acf_changed":false,"give_campaign_id":0,"footnotes":""},"categories":[14],"tags":[],"class_list":["post-18044","post","type-post","status-publish","format-standard","has-post-thumbnail","hentry","category-newsletters"],"acf":[],"_links":{"self":[{"href":"https:\/\/childcancer.org\/es\/wp-json\/wp\/v2\/posts\/18044","targetHints":{"allow":["GET"]}}],"collection":[{"href":"https:\/\/childcancer.org\/es\/wp-json\/wp\/v2\/posts"}],"about":[{"href":"https:\/\/childcancer.org\/es\/wp-json\/wp\/v2\/types\/post"}],"author":[{"embeddable":true,"href":"https:\/\/childcancer.org\/es\/wp-json\/wp\/v2\/users\/5"}],"replies":[{"embeddable":true,"href":"https:\/\/childcancer.org\/es\/wp-json\/wp\/v2\/comments?post=18044"}],"version-history":[{"count":6,"href":"https:\/\/childcancer.org\/es\/wp-json\/wp\/v2\/posts\/18044\/revisions"}],"predecessor-version":[{"id":18051,"href":"https:\/\/childcancer.org\/es\/wp-json\/wp\/v2\/posts\/18044\/revisions\/18051"}],"wp:featuredmedia":[{"embeddable":true,"href":"https:\/\/childcancer.org\/es\/wp-json\/wp\/v2\/media\/18047"}],"wp:attachment":[{"href":"https:\/\/childcancer.org\/es\/wp-json\/wp\/v2\/media?parent=18044"}],"wp:term":[{"taxonomy":"category","embeddable":true,"href":"https:\/\/childcancer.org\/es\/wp-json\/wp\/v2\/categories?post=18044"},{"taxonomy":"post_tag","embeddable":true,"href":"https:\/\/childcancer.org\/es\/wp-json\/wp\/v2\/tags?post=18044"}],"curies":[{"name":"palabra clave","href":"https:\/\/api.w.org\/{rel}","templated":true}]}}