{"id":12282,"date":"2022-09-01T13:15:42","date_gmt":"2022-09-01T20:15:42","guid":{"rendered":"https:\/\/kcca.tabercreative.com\/?p=12282"},"modified":"2022-09-01T19:14:46","modified_gmt":"2022-09-02T02:14:46","slug":"meet-keatons-kiddo-aliya","status":"publish","type":"post","link":"https:\/\/childcancer.org\/es\/aliya","title":{"rendered":"Conoce a Kiddo de Keaton - Aliya"},"content":{"rendered":"<div data-elementor-type=\"wp-post\" data-elementor-id=\"12282\" class=\"elementor elementor-12282\" data-elementor-post-type=\"post\">\n\t\t\t\t\t\t<section class=\"elementor-section elementor-top-section elementor-element elementor-element-0178457 elementor-section-boxed elementor-section-height-default elementor-section-height-default\" data-id=\"0178457\" data-element_type=\"section\" data-e-type=\"section\" data-settings=\"{&quot;jet_parallax_layout_list&quot;:[]}\">\n\t\t\t\t\t\t<div class=\"elementor-container elementor-column-gap-default\">\n\t\t\t\t\t<div class=\"elementor-column elementor-col-100 elementor-top-column elementor-element elementor-element-35a9852\" data-id=\"35a9852\" data-element_type=\"column\" data-e-type=\"column\">\n\t\t\t<div class=\"elementor-widget-wrap elementor-element-populated\">\n\t\t\t\t\t\t<section class=\"elementor-section elementor-inner-section elementor-element elementor-element-ce1aa53 elementor-section-boxed elementor-section-height-default elementor-section-height-default\" data-id=\"ce1aa53\" data-element_type=\"section\" data-e-type=\"section\" data-settings=\"{&quot;jet_parallax_layout_list&quot;:[]}\">\n\t\t\t\t\t\t<div class=\"elementor-container elementor-column-gap-default\">\n\t\t\t\t\t<div class=\"elementor-column elementor-col-50 elementor-inner-column elementor-element elementor-element-d8776ce\" data-id=\"d8776ce\" data-element_type=\"column\" data-e-type=\"column\">\n\t\t\t<div class=\"elementor-widget-wrap elementor-element-populated\">\n\t\t\t\t\t\t<div class=\"elementor-element elementor-element-0867948 dce_masking-none elementor-widget elementor-widget-image\" data-id=\"0867948\" data-element_type=\"widget\" data-e-type=\"widget\" data-widget_type=\"image.default\">\n\t\t\t\t<div class=\"elementor-widget-container\">\n\t\t\t\t\t\t\t\t\t\t\t\t\t\t\t<img fetchpriority=\"high\" decoding=\"async\" width=\"650\" height=\"900\" src=\"https:\/\/childcancer.org\/wp-content\/uploads\/2022\/08\/Aliya-650-x-900-beach.jpeg\" class=\"attachment-large size-large wp-image-12289\" alt=\"\" srcset=\"https:\/\/childcancer.org\/wp-content\/uploads\/2022\/08\/Aliya-650-x-900-beach.jpeg 650w, https:\/\/childcancer.org\/wp-content\/uploads\/2022\/08\/Aliya-650-x-900-beach-217x300.jpeg 217w\" sizes=\"(max-width: 650px) 100vw, 650px\" \/>\t\t\t\t\t\t\t\t\t\t\t\t\t\t\t<\/div>\n\t\t\t\t<\/div>\n\t\t\t\t\t<\/div>\n\t\t<\/div>\n\t\t\t\t<div class=\"elementor-column elementor-col-50 elementor-inner-column elementor-element elementor-element-bac16b4\" data-id=\"bac16b4\" data-element_type=\"column\" data-e-type=\"column\">\n\t\t\t<div class=\"elementor-widget-wrap elementor-element-populated\">\n\t\t\t\t\t\t<div class=\"elementor-element elementor-element-4c2967d elementor-widget elementor-widget-text-editor\" data-id=\"4c2967d\" data-element_type=\"widget\" data-e-type=\"widget\" data-widget_type=\"text-editor.default\">\n\t\t\t\t<div class=\"elementor-widget-container\">\n\t\t\t\t\t\t\t\t\t<h5>La hija de Keaton, Aliya, siempre ha sido un esp\u00edritu fuerte, divertido y amoroso desde el momento de su nacimiento, seg\u00fan su dulce madre, Jess.<\/h5>\t\t\t\t\t\t\t\t<\/div>\n\t\t\t\t<\/div>\n\t\t\t\t<div class=\"elementor-element elementor-element-85f1d53 elementor-widget elementor-widget-text-editor\" data-id=\"85f1d53\" data-element_type=\"widget\" data-e-type=\"widget\" data-widget_type=\"text-editor.default\">\n\t\t\t\t<div class=\"elementor-widget-container\">\n\t\t\t\t\t\t\t\t\t<p>Nacida como una ni\u00f1a resistente, Aliya luch\u00f3 por ser un beb\u00e9 prematuro y permaneci\u00f3 en la UCIN durante los primeros 3 meses de su vida, mientras esperaba que se desarrollaran sus pulmones. Poco despu\u00e9s, desafortunadamente, enfrent\u00f3 muchos desaf\u00edos y desarroll\u00f3 asma severa debido a que sus pulmones eran prematuros. Alrededor de los 10 meses de edad, comenz\u00f3 a tener convulsiones y desarroll\u00f3 epilepsia, lo que hizo que ella y su familia pasaran mucho tiempo entrando y saliendo del hospital.<\/p><p>A la edad de 8 a\u00f1os, las cosas parec\u00edan mejorar para Aliya. Sus convulsiones hab\u00edan cesado y su asma no era tan grave. Finalmente pudo asistir a la escuela sin preocupaciones y se sinti\u00f3 como una ni\u00f1a normal. Sin embargo, todo eso dur\u00f3 muy poco tiempo cuando la madre de Aliya comenz\u00f3 a notar que con frecuencia expresaba sentirse cansada y que ten\u00eda una repentina falta de energ\u00eda. Tambi\u00e9n comenz\u00f3 a verse p\u00e1lida, as\u00ed como a hemorragias nasales y moretones constantes. En el momento en que comenzaron estos s\u00edntomas, la madre de Aliya asist\u00eda a la escuela de enfermer\u00eda y tem\u00eda que Aliya pudiera mostrar signos de leucemia. Inmediatamente se comunic\u00f3 con el m\u00e9dico de Aliya con sus inquietudes, pero no pudo programar una cita disponible durante dos semanas. A pesar de este contratiempo, Jess confi\u00f3 en su instinto maternal y supo que algo no estaba bien. Decidi\u00f3 llevar a Aliya a la sala de emergencias, donde le diagnosticaron leucemia linfobl\u00e1stica aguda de c\u00e9lulas B, en abril de 2020, y envi\u00f3 a Aliya y a su familia a hacerse m\u00e1s pruebas en el UCSF Benioff Children&#039;s Hospital en Oakland.<\/p>\t\t\t\t\t\t\t\t<\/div>\n\t\t\t\t<\/div>\n\t\t\t\t\t<\/div>\n\t\t<\/div>\n\t\t\t\t\t<\/div>\n\t\t<\/section>\n\t\t\t\t\t<\/div>\n\t\t<\/div>\n\t\t\t\t\t<\/div>\n\t\t<\/section>\n\t\t\t\t<section class=\"elementor-section elementor-top-section elementor-element elementor-element-f06f094 elementor-section-boxed elementor-section-height-default elementor-section-height-default\" data-id=\"f06f094\" data-element_type=\"section\" data-e-type=\"section\" data-settings=\"{&quot;jet_parallax_layout_list&quot;:[]}\">\n\t\t\t\t\t\t<div class=\"elementor-container elementor-column-gap-default\">\n\t\t\t\t\t<div class=\"elementor-column elementor-col-100 elementor-top-column elementor-element elementor-element-9924c0a\" data-id=\"9924c0a\" data-element_type=\"column\" data-e-type=\"column\">\n\t\t\t<div class=\"elementor-widget-wrap elementor-element-populated\">\n\t\t\t\t\t\t<section class=\"elementor-section elementor-inner-section elementor-element elementor-element-67a0f03 elementor-section-boxed elementor-section-height-default elementor-section-height-default\" data-id=\"67a0f03\" data-element_type=\"section\" data-e-type=\"section\" data-settings=\"{&quot;jet_parallax_layout_list&quot;:[]}\">\n\t\t\t\t\t\t<div class=\"elementor-container elementor-column-gap-default\">\n\t\t\t\t\t<div class=\"elementor-column elementor-col-50 elementor-inner-column elementor-element elementor-element-7a6419f\" data-id=\"7a6419f\" data-element_type=\"column\" data-e-type=\"column\">\n\t\t\t<div class=\"elementor-widget-wrap elementor-element-populated\">\n\t\t\t\t\t\t<div class=\"elementor-element elementor-element-373e65c elementor-widget elementor-widget-text-editor\" data-id=\"373e65c\" data-element_type=\"widget\" data-e-type=\"widget\" data-widget_type=\"text-editor.default\">\n\t\t\t\t<div class=\"elementor-widget-container\">\n\t\t\t\t\t\t\t\t\t<p>Cuando Aliya comenz\u00f3 su tratamiento, el mundo de su familia cambi\u00f3 dr\u00e1sticamente. Viajaron m\u00e1s de 6 horas para recibir tratamiento, 5 o m\u00e1s d\u00edas a la semana para que Aliya pudiera recibir la atenci\u00f3n adecuada que necesitaba. Al igual que muchas familias, su tiempo de transporte fue largo, junto con muchos otros factores estresantes imprevistos que les afectaron financiera y emocionalmente. Aunque la madre de Aliya, siendo la \u00fanica proveedora de su familia, hizo todo lo que pudo por Aliya y sus hermanos, sab\u00eda que no pod\u00eda continuar de manera confiable con sus viajes diarios para el tratamiento de Aliya. Debido a esto, Jess decidi\u00f3 transferir a Aliya a un hospital de tratamiento local en Sacramento y reubic\u00f3 la residencia de su familia para que Aliya pudiera estar m\u00e1s cerca de su hospital de tratamiento.<\/p><p>Poco despu\u00e9s de transferir las instalaciones de tratamiento, la familia de Aliya fue remitida a Child Cancer Alliance de Keaton a trav\u00e9s de su trabajador social del hospital. Con la familia experimentando tantos cambios, nuestro equipo estuvo feliz de intervenir y ofrecer apoyo como pudimos.<\/p>\t\t\t\t\t\t\t\t<\/div>\n\t\t\t\t<\/div>\n\t\t\t\t\t<\/div>\n\t\t<\/div>\n\t\t\t\t<div class=\"elementor-column elementor-col-50 elementor-inner-column elementor-element elementor-element-cbe2fdf\" data-id=\"cbe2fdf\" data-element_type=\"column\" data-e-type=\"column\">\n\t\t\t<div class=\"elementor-widget-wrap elementor-element-populated\">\n\t\t\t\t\t\t<div class=\"elementor-element elementor-element-4a42005 dce_masking-none elementor-widget elementor-widget-image\" data-id=\"4a42005\" data-element_type=\"widget\" data-e-type=\"widget\" data-widget_type=\"image.default\">\n\t\t\t\t<div class=\"elementor-widget-container\">\n\t\t\t\t\t\t\t\t\t\t\t\t\t\t\t<img decoding=\"async\" width=\"800\" height=\"783\" src=\"https:\/\/childcancer.org\/wp-content\/uploads\/2022\/08\/Aliya-hospital-b.jpeg\" class=\"attachment-large size-large wp-image-12293\" alt=\"\" srcset=\"https:\/\/childcancer.org\/wp-content\/uploads\/2022\/08\/Aliya-hospital-b.jpeg 800w, https:\/\/childcancer.org\/wp-content\/uploads\/2022\/08\/Aliya-hospital-b-300x294.jpeg 300w, https:\/\/childcancer.org\/wp-content\/uploads\/2022\/08\/Aliya-hospital-b-768x752.jpeg 768w\" sizes=\"(max-width: 800px) 100vw, 800px\" \/>\t\t\t\t\t\t\t\t\t\t\t\t\t\t\t<\/div>\n\t\t\t\t<\/div>\n\t\t\t\t\t<\/div>\n\t\t<\/div>\n\t\t\t\t\t<\/div>\n\t\t<\/section>\n\t\t\t\t\t<\/div>\n\t\t<\/div>\n\t\t\t\t\t<\/div>\n\t\t<\/section>\n\t\t\t\t<section class=\"elementor-section elementor-top-section elementor-element elementor-element-3e370a4 elementor-section-boxed elementor-section-height-default elementor-section-height-default\" data-id=\"3e370a4\" data-element_type=\"section\" data-e-type=\"section\" data-settings=\"{&quot;jet_parallax_layout_list&quot;:[]}\">\n\t\t\t\t\t\t<div class=\"elementor-container elementor-column-gap-default\">\n\t\t\t\t\t<div class=\"elementor-column elementor-col-100 elementor-top-column elementor-element elementor-element-c130389\" data-id=\"c130389\" data-element_type=\"column\" data-e-type=\"column\">\n\t\t\t<div class=\"elementor-widget-wrap elementor-element-populated\">\n\t\t\t\t\t\t<section class=\"elementor-section elementor-inner-section elementor-element elementor-element-36557e4 elementor-section-boxed elementor-section-height-default elementor-section-height-default\" data-id=\"36557e4\" data-element_type=\"section\" data-e-type=\"section\" data-settings=\"{&quot;jet_parallax_layout_list&quot;:[]}\">\n\t\t\t\t\t\t<div class=\"elementor-container elementor-column-gap-default\">\n\t\t\t\t\t<div class=\"elementor-column elementor-col-50 elementor-inner-column elementor-element elementor-element-0538b1a\" data-id=\"0538b1a\" data-element_type=\"column\" data-e-type=\"column\">\n\t\t\t<div class=\"elementor-widget-wrap elementor-element-populated\">\n\t\t\t\t\t\t<div class=\"elementor-element elementor-element-54a6638 dce_masking-none elementor-widget elementor-widget-image\" data-id=\"54a6638\" data-element_type=\"widget\" data-e-type=\"widget\" data-widget_type=\"image.default\">\n\t\t\t\t<div class=\"elementor-widget-container\">\n\t\t\t\t\t\t\t\t\t\t\t\t\t\t\t<img decoding=\"async\" width=\"650\" height=\"800\" src=\"https:\/\/childcancer.org\/wp-content\/uploads\/2022\/08\/Aliya-with-brother-650-x-800.jpeg\" class=\"attachment-large size-large wp-image-12294\" alt=\"\" srcset=\"https:\/\/childcancer.org\/wp-content\/uploads\/2022\/08\/Aliya-with-brother-650-x-800.jpeg 650w, https:\/\/childcancer.org\/wp-content\/uploads\/2022\/08\/Aliya-with-brother-650-x-800-244x300.jpeg 244w\" sizes=\"(max-width: 650px) 100vw, 650px\" \/>\t\t\t\t\t\t\t\t\t\t\t\t\t\t\t<\/div>\n\t\t\t\t<\/div>\n\t\t\t\t\t<\/div>\n\t\t<\/div>\n\t\t\t\t<div class=\"elementor-column elementor-col-50 elementor-inner-column elementor-element elementor-element-d49126d\" data-id=\"d49126d\" data-element_type=\"column\" data-e-type=\"column\">\n\t\t\t<div class=\"elementor-widget-wrap elementor-element-populated\">\n\t\t\t\t\t\t<div class=\"elementor-element elementor-element-dd17925 elementor-widget elementor-widget-text-editor\" data-id=\"dd17925\" data-element_type=\"widget\" data-e-type=\"widget\" data-widget_type=\"text-editor.default\">\n\t\t\t\t<div class=\"elementor-widget-container\">\n\t\t\t\t\t\t\t\t\t<p>\u201cNuestra trabajadora social nos conect\u00f3 con Jasmine de Child Cancer Alliance de Keaton en 2021. Desde el momento en que la conoc\u00ed, Jasmine me tranquiliz\u00f3. Por la forma en que nos escuch\u00f3 y nos habl\u00f3, se notaba que ella y el resto del equipo realmente se preocupan por sus trabajos y por nosotros como familias. Keaton&#039;s se ha convertido literalmente en parte de nuestra familia y ha compartido muchos recuerdos en el camino con nosotros, incluso durante la pandemia, cuando nos sentimos a\u00fan m\u00e1s aislados. Keaton&#039;s no solo ha estado ah\u00ed para nosotros emocionalmente, sino tambi\u00e9n financieramente ayud\u00e1ndonos con las facturas y la gasolina o incluso las tarjetas de comida cuando los tiempos se pusieron dif\u00edciles, nunca juzgaron, simplemente entendieron y ayudaron lo mejor que pudieron. Nos encantan todos los eventos que se han organizado para estos ni\u00f1os y sus familias para ayudar con \u00fatiles escolares, ropa... cualquier necesidad que puedan necesitar los ni\u00f1os y las familias\u201d.<\/p><p>Nuestro equipo Family Navigator tiene el honor de reflexionar sobre el crecimiento y la conexi\u00f3n que hemos tenido con la familia de Aliya durante el \u00faltimo a\u00f1o. Al igual que con todas las familias, nos esforzamos por mantener viva nuestra misi\u00f3n al compartir la atenci\u00f3n y el apoyo a las familias con c\u00e1ncer infantil mientras atraviesan tiempos tan dif\u00edciles. Sobre todo, nos encanta celebrar los hitos de nuestros ni\u00f1os de Keaton. Nos complace compartir que Aliya ha sido declarada oficialmente libre de c\u00e1ncer y toc\u00f3 el timbre el 4 de agosto de 2022, compartiendo la experiencia con sus seres queridos y cuidadores pedi\u00e1tricos. Su mam\u00e1 Jess comparte: \u201cNo importa por lo que est\u00e9s pasando, solo respira y recuerda que lo superar\u00e1s, solo un d\u00eda a la vez, y nunca pierdas la esperanza\u201d.<\/p>\t\t\t\t\t\t\t\t<\/div>\n\t\t\t\t<\/div>\n\t\t\t\t\t<\/div>\n\t\t<\/div>\n\t\t\t\t\t<\/div>\n\t\t<\/section>\n\t\t\t\t<section class=\"elementor-section elementor-inner-section elementor-element elementor-element-c2c3cca elementor-section-boxed elementor-section-height-default elementor-section-height-default\" data-id=\"c2c3cca\" data-element_type=\"section\" data-e-type=\"section\" data-settings=\"{&quot;jet_parallax_layout_list&quot;:[]}\">\n\t\t\t\t\t\t<div class=\"elementor-container elementor-column-gap-default\">\n\t\t\t\t\t<div class=\"elementor-column elementor-col-50 elementor-inner-column elementor-element elementor-element-1cd6691\" data-id=\"1cd6691\" data-element_type=\"column\" data-e-type=\"column\">\n\t\t\t<div class=\"elementor-widget-wrap elementor-element-populated\">\n\t\t\t\t\t\t<div class=\"elementor-element elementor-element-183ff53 elementor-widget elementor-widget-text-editor\" data-id=\"183ff53\" data-element_type=\"widget\" data-e-type=\"widget\" data-widget_type=\"text-editor.default\">\n\t\t\t\t<div class=\"elementor-widget-container\">\n\t\t\t\t\t\t\t\t\t<p>Ahora que Aliya ha regresado a una vida de ni\u00f1a, le gustar\u00eda experimentar viajar, y disfruta hacer arte y jugar con sus amigos. Esta fuerte, resistente y hermosa guerrera contra el c\u00e1ncer tambi\u00e9n espera unirse a nuestro equipo Navigator como voluntaria para poder retribuir a otros ni\u00f1os y familias mientras luchan en su batalla, sabiendo que ning\u00fan ni\u00f1o deber\u00eda luchar solo. <br \/><br \/>&quot;S\u00e9 que tienes miedo, te duele y deseas que todo termine, pero nunca pierdas la esperanza, eres fuerte, eres hermosa y superar\u00e1s esto \ud83e\udde1&quot; ~ La hija de Keaton, Aliya<\/p>\t\t\t\t\t\t\t\t<\/div>\n\t\t\t\t<\/div>\n\t\t\t\t\t<\/div>\n\t\t<\/div>\n\t\t\t\t<div class=\"elementor-column elementor-col-50 elementor-inner-column elementor-element elementor-element-d3a9b66\" data-id=\"d3a9b66\" data-element_type=\"column\" data-e-type=\"column\">\n\t\t\t<div class=\"elementor-widget-wrap elementor-element-populated\">\n\t\t\t\t\t\t<div class=\"elementor-element elementor-element-62a7686 dce_masking-none elementor-widget elementor-widget-image\" data-id=\"62a7686\" data-element_type=\"widget\" data-e-type=\"widget\" data-widget_type=\"image.default\">\n\t\t\t\t<div class=\"elementor-widget-container\">\n\t\t\t\t\t\t\t\t\t\t\t\t\t\t\t<img loading=\"lazy\" decoding=\"async\" width=\"336\" height=\"338\" src=\"https:\/\/childcancer.org\/wp-content\/uploads\/2022\/08\/Aliya-smile.jpeg\" class=\"attachment-large size-large wp-image-12300\" alt=\"\" srcset=\"https:\/\/childcancer.org\/wp-content\/uploads\/2022\/08\/Aliya-smile.jpeg 336w, https:\/\/childcancer.org\/wp-content\/uploads\/2022\/08\/Aliya-smile-298x300.jpeg 298w, https:\/\/childcancer.org\/wp-content\/uploads\/2022\/08\/Aliya-smile-150x150.jpeg 150w\" sizes=\"(max-width: 336px) 100vw, 336px\" \/>\t\t\t\t\t\t\t\t\t\t\t\t\t\t\t<\/div>\n\t\t\t\t<\/div>\n\t\t\t\t\t<\/div>\n\t\t<\/div>\n\t\t\t\t\t<\/div>\n\t\t<\/section>\n\t\t\t\t\t<\/div>\n\t\t<\/div>\n\t\t\t\t\t<\/div>\n\t\t<\/section>\n\t\t\t\t<\/div>","protected":false},"excerpt":{"rendered":"<p>La hija de Keaton, Aliya, siempre ha sido un esp\u00edritu fuerte, divertido y amoroso desde el momento de su nacimiento, seg\u00fan su dulce madre, Jess. Nacida como una ni\u00f1a resistente, luch\u00f3 por ser un beb\u00e9 prematuro y permaneci\u00f3 en la UCIN durante los primeros 3 meses de su vida, mientras esperaba que se desarrollaran sus pulmones.<\/p>","protected":false},"author":5,"featured_media":12283,"comment_status":"closed","ping_status":"open","sticky":false,"template":"","format":"standard","meta":{"_acf_changed":false,"give_campaign_id":0,"footnotes":""},"categories":[31],"tags":[],"class_list":["post-12282","post","type-post","status-publish","format-standard","has-post-thumbnail","hentry","category-keaton-kiddos"],"acf":[],"_links":{"self":[{"href":"https:\/\/childcancer.org\/es\/wp-json\/wp\/v2\/posts\/12282","targetHints":{"allow":["GET"]}}],"collection":[{"href":"https:\/\/childcancer.org\/es\/wp-json\/wp\/v2\/posts"}],"about":[{"href":"https:\/\/childcancer.org\/es\/wp-json\/wp\/v2\/types\/post"}],"author":[{"embeddable":true,"href":"https:\/\/childcancer.org\/es\/wp-json\/wp\/v2\/users\/5"}],"replies":[{"embeddable":true,"href":"https:\/\/childcancer.org\/es\/wp-json\/wp\/v2\/comments?post=12282"}],"version-history":[{"count":0,"href":"https:\/\/childcancer.org\/es\/wp-json\/wp\/v2\/posts\/12282\/revisions"}],"wp:featuredmedia":[{"embeddable":true,"href":"https:\/\/childcancer.org\/es\/wp-json\/wp\/v2\/media\/12283"}],"wp:attachment":[{"href":"https:\/\/childcancer.org\/es\/wp-json\/wp\/v2\/media?parent=12282"}],"wp:term":[{"taxonomy":"category","embeddable":true,"href":"https:\/\/childcancer.org\/es\/wp-json\/wp\/v2\/categories?post=12282"},{"taxonomy":"post_tag","embeddable":true,"href":"https:\/\/childcancer.org\/es\/wp-json\/wp\/v2\/tags?post=12282"}],"curies":[{"name":"palabra clave","href":"https:\/\/api.w.org\/{rel}","templated":true}]}}