{"id":11877,"date":"2022-08-10T10:58:42","date_gmt":"2022-08-10T17:58:42","guid":{"rendered":"https:\/\/kcca.tabercreative.com\/?p=11877"},"modified":"2026-04-01T10:18:47","modified_gmt":"2026-04-01T17:18:47","slug":"support-pediatric-cancer-research","status":"publish","type":"post","link":"https:\/\/childcancer.org\/es\/events\/support-pediatric-cancer-research\/","title":{"rendered":"Apoye la investigaci\u00f3n del c\u00e1ncer pedi\u00e1trico"},"content":{"rendered":"<div data-elementor-type=\"wp-post\" data-elementor-id=\"11877\" class=\"elementor elementor-11877\" data-elementor-post-type=\"post\">\n\t\t\t\t\t\t<section class=\"elementor-section elementor-top-section elementor-element elementor-element-0178457 elementor-section-boxed elementor-section-height-default elementor-section-height-default\" data-id=\"0178457\" data-element_type=\"section\" data-e-type=\"section\" data-settings=\"{&quot;jet_parallax_layout_list&quot;:[]}\">\n\t\t\t\t\t\t<div class=\"elementor-container elementor-column-gap-default\">\n\t\t\t\t\t<div class=\"elementor-column elementor-col-100 elementor-top-column elementor-element elementor-element-35a9852\" data-id=\"35a9852\" data-element_type=\"column\" data-e-type=\"column\">\n\t\t\t<div class=\"elementor-widget-wrap elementor-element-populated\">\n\t\t\t\t\t\t<section class=\"elementor-section elementor-inner-section elementor-element elementor-element-ce1aa53 elementor-section-boxed elementor-section-height-default elementor-section-height-default\" data-id=\"ce1aa53\" data-element_type=\"section\" data-e-type=\"section\" data-settings=\"{&quot;jet_parallax_layout_list&quot;:[]}\">\n\t\t\t\t\t\t<div class=\"elementor-container elementor-column-gap-default\">\n\t\t\t\t\t<div class=\"elementor-column elementor-col-50 elementor-inner-column elementor-element elementor-element-d8776ce\" data-id=\"d8776ce\" data-element_type=\"column\" data-e-type=\"column\">\n\t\t\t<div class=\"elementor-widget-wrap elementor-element-populated\">\n\t\t\t\t\t\t<div class=\"elementor-element elementor-element-650c9f1 dce_masking-none elementor-widget elementor-widget-image\" data-id=\"650c9f1\" data-element_type=\"widget\" data-e-type=\"widget\" data-widget_type=\"image.default\">\n\t\t\t\t<div class=\"elementor-widget-container\">\n\t\t\t\t\t\t\t\t\t\t\t\t\t\t\t<img fetchpriority=\"high\" decoding=\"async\" width=\"800\" height=\"520\" src=\"https:\/\/childcancer.org\/wp-content\/uploads\/2022\/08\/SB-2024-KCCA-Web.png\" class=\"attachment-large size-large wp-image-14722\" alt=\"\" srcset=\"https:\/\/childcancer.org\/wp-content\/uploads\/2022\/08\/SB-2024-KCCA-Web.png 800w, https:\/\/childcancer.org\/wp-content\/uploads\/2022\/08\/SB-2024-KCCA-Web-300x195.png 300w, https:\/\/childcancer.org\/wp-content\/uploads\/2022\/08\/SB-2024-KCCA-Web-768x499.png 768w, https:\/\/childcancer.org\/wp-content\/uploads\/2022\/08\/SB-2024-KCCA-Web-18x12.png 18w\" sizes=\"(max-width: 800px) 100vw, 800px\" \/>\t\t\t\t\t\t\t\t\t\t\t\t\t\t\t<\/div>\n\t\t\t\t<\/div>\n\t\t\t\t\t<\/div>\n\t\t<\/div>\n\t\t\t\t<div class=\"elementor-column elementor-col-50 elementor-inner-column elementor-element elementor-element-bac16b4\" data-id=\"bac16b4\" data-element_type=\"column\" data-e-type=\"column\">\n\t\t\t<div class=\"elementor-widget-wrap elementor-element-populated\">\n\t\t\t\t\t\t<div class=\"elementor-element elementor-element-e3beec2 elementor-widget elementor-widget-heading\" data-id=\"e3beec2\" data-element_type=\"widget\" data-e-type=\"widget\" data-widget_type=\"heading.default\">\n\t\t\t\t<div class=\"elementor-widget-container\">\n\t\t\t\t\t<h2 class=\"elementor-heading-title elementor-size-default\">Brave the Shave &amp; Support Children Battling Cancer!<\/h2>\t\t\t\t<\/div>\n\t\t\t\t<\/div>\n\t\t\t\t<div class=\"elementor-element elementor-element-85f1d53 elementor-widget elementor-widget-text-editor\" data-id=\"85f1d53\" data-element_type=\"widget\" data-e-type=\"widget\" data-widget_type=\"text-editor.default\">\n\t\t\t\t<div class=\"elementor-widget-container\">\n\t\t\t\t\t\t\t\t\t<p>Nos complace asociarnos con St. Baldrick&#039;s Foundation en su misi\u00f3n de\u00a0<em>Conquistar el c\u00e1ncer infantil<\/em><em>\u00a0<\/em>y extender un sincero agradecimiento a todos los dedicados organizadores de eventos voluntarios, voluntarios, afeitados y un agradecimiento especial al equipo de Supercuts por su tiempo y esfuerzos de recaudaci\u00f3n de fondos en todas sus tiendas en el norte de California. Todos ustedes ayudan a que estos eventos sean un \u00e9xito.<\/p><p><b>AFEITADO \u2022 DONAR \u2022 SER VOLUNTARIO<\/b><\/p>\t\t\t\t\t\t\t\t<\/div>\n\t\t\t\t<\/div>\n\t\t\t\t<div class=\"elementor-element elementor-element-a1c5e7a elementor-align-left elementor-widget elementor-widget-button\" data-id=\"a1c5e7a\" data-element_type=\"widget\" data-e-type=\"widget\" data-widget_type=\"button.default\">\n\t\t\t\t<div class=\"elementor-widget-container\">\n\t\t\t\t\t\t\t\t\t<div class=\"elementor-button-wrapper\">\n\t\t\t\t\t<a class=\"elementor-button elementor-button-link elementor-size-xl\" href=\"https:\/\/www.stbaldricks.org\/campaigns\/krm\" target=\"_blank\">\n\t\t\t\t\t\t<span class=\"elementor-button-content-wrapper\">\n\t\t\t\t\t\t\t\t\t<span class=\"elementor-button-text\">Register Here &gt;&gt;<\/span>\n\t\t\t\t\t<\/span>\n\t\t\t\t\t<\/a>\n\t\t\t\t<\/div>\n\t\t\t\t\t\t\t\t<\/div>\n\t\t\t\t<\/div>\n\t\t\t\t\t<\/div>\n\t\t<\/div>\n\t\t\t\t\t<\/div>\n\t\t<\/section>\n\t\t\t\t\t<\/div>\n\t\t<\/div>\n\t\t\t\t\t<\/div>\n\t\t<\/section>\n\t\t\t\t<section class=\"elementor-section elementor-top-section elementor-element elementor-element-8c691c6 elementor-section-boxed elementor-section-height-default elementor-section-height-default\" data-id=\"8c691c6\" data-element_type=\"section\" data-e-type=\"section\" data-settings=\"{&quot;jet_parallax_layout_list&quot;:[]}\">\n\t\t\t\t\t\t<div class=\"elementor-container elementor-column-gap-default\">\n\t\t\t\t\t<div class=\"elementor-column elementor-col-50 elementor-top-column elementor-element elementor-element-e3a24cc\" data-id=\"e3a24cc\" data-element_type=\"column\" data-e-type=\"column\">\n\t\t\t<div class=\"elementor-widget-wrap elementor-element-populated\">\n\t\t\t\t\t\t<div class=\"elementor-element elementor-element-4730d99 elementor-widget elementor-widget-text-editor\" data-id=\"4730d99\" data-element_type=\"widget\" data-e-type=\"widget\" data-widget_type=\"text-editor.default\">\n\t\t\t\t<div class=\"elementor-widget-container\">\n\t\t\t\t\t\t\t\t\t<p><b>valiente el afeitado<\/b>\u00a0\u00a1y reg\u00edstrate para que te afeiten la cabeza! Participe como individuo, cree un equipo o \u00fanase a un equipo existente. Es f\u00e1cil y como siempre decimos &quot;Calvo es hermoso&quot;.<\/p><p><b>\u00a1Recaudar fondos!<\/b>\u00a0Establece una meta, crea un desaf\u00edo, inspira a otros a unirse a la causa y marca la diferencia para los ni\u00f1os que luchan contra el c\u00e1ncer. Nosotros le proporcionaremos las herramientas y la inspiraci\u00f3n, usted aportar\u00e1 la creatividad y reunir\u00e1 a sus amigos, familiares, vecinos, compa\u00f1eros de trabajo y todos sus conocidos para que formen parte de sus esfuerzos.<\/p><p><b>Seleccione un Kiddo de Keaton para honrar<\/b>\u00a0o perm\u00edtanos ayudarlo a seleccionar uno para usted. Honrar a un ni\u00f1o lo hace sentir especial mientras crea conciencia sobre el c\u00e1ncer infantil y las necesidades de investigaci\u00f3n en curso.<\/p>\t\t\t\t\t\t\t\t<\/div>\n\t\t\t\t<\/div>\n\t\t\t\t\t<\/div>\n\t\t<\/div>\n\t\t\t\t<div class=\"elementor-column elementor-col-50 elementor-top-column elementor-element elementor-element-b78f0c7\" data-id=\"b78f0c7\" data-element_type=\"column\" data-e-type=\"column\">\n\t\t\t<div class=\"elementor-widget-wrap elementor-element-populated\">\n\t\t\t\t\t\t<div class=\"elementor-element elementor-element-2174833 elementor-widget elementor-widget-text-editor\" data-id=\"2174833\" data-element_type=\"widget\" data-e-type=\"widget\" data-widget_type=\"text-editor.default\">\n\t\t\t\t<div class=\"elementor-widget-container\">\n\t\t\t\t\t\t\t\t\t<p><b>\u00a1D\u00e9 su tiempo!<\/b>\u00a0Siempre se necesitan voluntarios. Reg\u00edstrese como voluntario y Melinda en Child Cancer Alliance de Keaton se pondr\u00e1 en contacto con respecto a las oportunidades en nuestro evento.<\/p><p><b>\u00bfNo est\u00e1s listo para Brave the Shave?<\/b>\u00a0Siempre se necesitan donaciones. Considere hacer una donaci\u00f3n para financiar la investigaci\u00f3n del c\u00e1ncer pedi\u00e1trico.<\/p><p><b>\u00a1Empiece hoy!<\/b>\u00a0Reg\u00edstrese, cree su p\u00e1gina de recaudaci\u00f3n de fondos y establezca un objetivo de recaudaci\u00f3n de fondos. Afeitarse la cabeza no es un requisito para recaudar fondos. \u00a1Cualquiera puede recaudar fondos, todo lo que tiene que hacer es registrarse y correr la voz sobre su participaci\u00f3n!<\/p>\t\t\t\t\t\t\t\t<\/div>\n\t\t\t\t<\/div>\n\t\t\t\t\t<\/div>\n\t\t<\/div>\n\t\t\t\t\t<\/div>\n\t\t<\/section>\n\t\t\t\t<section class=\"elementor-section elementor-top-section elementor-element elementor-element-f9a40f2 elementor-section-boxed elementor-section-height-default elementor-section-height-default\" data-id=\"f9a40f2\" data-element_type=\"section\" data-e-type=\"section\" data-settings=\"{&quot;jet_parallax_layout_list&quot;:[]}\">\n\t\t\t\t\t\t<div class=\"elementor-container elementor-column-gap-default\">\n\t\t\t\t\t<div class=\"elementor-column elementor-col-100 elementor-top-column elementor-element elementor-element-886919d\" data-id=\"886919d\" data-element_type=\"column\" data-e-type=\"column\">\n\t\t\t<div class=\"elementor-widget-wrap elementor-element-populated\">\n\t\t\t\t\t\t<div class=\"elementor-element elementor-element-fc8559f dce_masking-none elementor-widget elementor-widget-video\" data-id=\"fc8559f\" data-element_type=\"widget\" data-e-type=\"widget\" data-settings=\"{&quot;youtube_url&quot;:&quot;https:\\\/\\\/youtu.be\\\/bMGo0EPRNo4?si=hqNahpvecjZqqxhS&quot;,&quot;video_type&quot;:&quot;youtube&quot;,&quot;controls&quot;:&quot;yes&quot;}\" data-widget_type=\"video.default\">\n\t\t\t\t<div class=\"elementor-widget-container\">\n\t\t\t\t\t\t\t<div class=\"elementor-wrapper elementor-open-inline\">\n\t\t\t<div class=\"elementor-video\"><\/div>\t\t<\/div>\n\t\t\t\t\t\t<\/div>\n\t\t\t\t<\/div>\n\t\t\t\t\t<\/div>\n\t\t<\/div>\n\t\t\t\t\t<\/div>\n\t\t<\/section>\n\t\t\t\t<section class=\"elementor-section elementor-top-section elementor-element elementor-element-6100d19 elementor-section-boxed elementor-section-height-default elementor-section-height-default\" data-id=\"6100d19\" data-element_type=\"section\" data-e-type=\"section\" data-settings=\"{&quot;jet_parallax_layout_list&quot;:[]}\">\n\t\t\t\t\t\t<div class=\"elementor-container elementor-column-gap-default\">\n\t\t\t\t\t<div class=\"elementor-column elementor-col-100 elementor-top-column elementor-element elementor-element-f5682b1\" data-id=\"f5682b1\" data-element_type=\"column\" data-e-type=\"column\">\n\t\t\t<div class=\"elementor-widget-wrap elementor-element-populated\">\n\t\t\t\t\t\t<div class=\"elementor-element elementor-element-1d6d298 elementor-widget elementor-widget-text-editor\" data-id=\"1d6d298\" data-element_type=\"widget\" data-e-type=\"widget\" data-widget_type=\"text-editor.default\">\n\t\t\t\t<div class=\"elementor-widget-container\">\n\t\t\t\t\t\t\t\t\t<p><span style=\"color: var( --e-global-color-text ); font-family: var( --e-global-typography-text-font-family ), Sans-serif; font-size: var( --e-global-typography-text-font-size ); font-weight: var( --e-global-typography-text-font-weight );\">\u00bfTiene preguntas? Comun\u00edquese con Alicia K. Shrum, l\u00edder del evento, en <a href=\"tel:1-916-208-0187\">916-208-0187<\/a> o en\u00a0<\/span><a href=\"emailto:aliciashrum@childcancer.org\" target=\"_blank\" rel=\"noopener\"><b style=\"color: var( --e-global-color-text ); font-family: var( --e-global-typography-text-font-family ), Sans-serif; font-size: var( --e-global-typography-text-font-size );\">Alicia.Shrum@ChildCancer.org<\/b><span style=\"color: var( --e-global-color-text ); font-family: var( --e-global-typography-text-font-family ), Sans-serif; font-size: var( --e-global-typography-text-font-size ); font-weight: var( --e-global-typography-text-font-weight );\">.<\/span><\/a><\/p>\t\t\t\t\t\t\t\t<\/div>\n\t\t\t\t<\/div>\n\t\t\t\t\t<\/div>\n\t\t<\/div>\n\t\t\t\t\t<\/div>\n\t\t<\/section>\n\t\t\t\t<section class=\"elementor-section elementor-top-section elementor-element elementor-element-d58a293 elementor-section-boxed elementor-section-height-default elementor-section-height-default\" data-id=\"d58a293\" data-element_type=\"section\" data-e-type=\"section\" data-settings=\"{&quot;jet_parallax_layout_list&quot;:[]}\">\n\t\t\t\t\t\t<div class=\"elementor-container elementor-column-gap-default\">\n\t\t\t\t\t<div class=\"elementor-column elementor-col-100 elementor-top-column elementor-element elementor-element-da2a10c\" data-id=\"da2a10c\" data-element_type=\"column\" data-e-type=\"column\">\n\t\t\t<div class=\"elementor-widget-wrap elementor-element-populated\">\n\t\t\t\t\t\t<div class=\"elementor-element elementor-element-6c7cfb6 elementor-widget elementor-widget-heading\" data-id=\"6c7cfb6\" data-element_type=\"widget\" data-e-type=\"widget\" data-widget_type=\"heading.default\">\n\t\t\t\t<div class=\"elementor-widget-container\">\n\t\t\t\t\t<h2 class=\"elementor-heading-title elementor-size-default\"><h5 class=\"elementor-heading-title elementor-size-default elementor-inline-editing pen\" data-elementor-setting-key=\"title\" data-pen-placeholder=\"Type Here...\" style=\"font-family: var( --e-global-typography-secondary-font-family ), Sans-serif;font-weight: var( --e-global-typography-secondary-font-weight )\">\u00a1Juntos lograremos #ConquerKidsCancer!<\/h5><\/h2>\t\t\t\t<\/div>\n\t\t\t\t<\/div>\n\t\t\t\t\t<\/div>\n\t\t<\/div>\n\t\t\t\t\t<\/div>\n\t\t<\/section>\n\t\t\t\t<\/div>","protected":false},"excerpt":{"rendered":"<p>\ud835\udde6\ud835\uddee\ud835\ude01\ud835\ude02\ud835\uddff\ud835\uddf1\ud835\uddee\ud835\ude06, \ud835\udde0\ud835\uddee\ud835\uddff\ud835\uddf0\ud835\uddf5 \ud835\udfed\ud835\udff0, \ud835\udfee\ud835\udfec\ud835\udfee\ud835\udff2, \ud835\udfed \ud835\udde3\ud835\udde0 &#8211; \ud835\udfef:\ud835\udfef\ud835\udfec \ud835\udde3\ud835\udde0 | \ud835\uddea\ud835\uddf2\ud835\ude00\ud835\ude01\ud835\uddf3\ud835\uddf6\ud835\uddf2\ud835\uddf9\ud835\uddf1 \ud835\uddda\ud835\uddee\ud835\uddf9\ud835\uddf9\ud835\uddf2\ud835\uddff\ud835\uddf6\ud835\uddee \ud835\uddee\ud835\ude01 \ud835\udde5\ud835\uddfc\ud835\ude00\ud835\uddf2\ud835\ude03\ud835\uddf6\ud835\uddf9\ud835\uddf9\ud835\uddf2, \ud835\udde5\ud835\uddfc\ud835\ude00\ud835\uddf2\ud835\ude03\ud835\uddf6\ud835\uddf9\ud835\uddf9\ud835\uddf2, \ud835\uddd6\ud835\uddd4<br \/>\n\ud835\udde0\ud835\uddfc\ud835\uddfb\ud835\uddf1\ud835\uddee\ud835\ude06, \ud835\udde0\ud835\uddee\ud835\uddff\ud835\uddf0\ud835\uddf5 \ud835\udfee\ud835\udfef, \ud835\udfee\ud835\udfec\ud835\udfee\ud835\udff2, \ud835\udff1:\ud835\udfef\ud835\udfec \ud835\udde3\ud835\udde0 &#8211; \ud835\udff4:\ud835\udfec\ud835\udfec \ud835\udde3\ud835\udde0 | \ud835\uddd5\ud835\udddd&#8217;\ud835\ude00 \ud835\udde5\ud835\uddf2\ud835\ude00\ud835\ude01\ud835\uddee\ud835\ude02\ud835\uddff\ud835\uddee\ud835\uddfb\ud835\ude01 &#038; \ud835\uddd5\ud835\uddff\ud835\uddf2\ud835\ude04\ud835\uddf5\ud835\uddfc\ud835\ude02\ud835\ude00\ud835\uddf2, \ud835\uddd8\ud835\uddf9\ud835\uddf8 \ud835\uddda\ud835\uddff\ud835\uddfc\ud835\ude03\ud835\uddf2, \ud835\uddd6\ud835\uddd4<\/p>\n<p>Brave the Shave &#038; Fund Research to Support Children Battling Cancer! Registration for our 2026 &#8220;Brave the Shave&#8221; Events is NOW OPEN. #Conquer Kids&#8217; Cancer!&#8221;<\/p>","protected":false},"author":5,"featured_media":14722,"comment_status":"closed","ping_status":"open","sticky":false,"template":"","format":"standard","meta":{"_acf_changed":false,"give_campaign_id":0,"footnotes":""},"categories":[17],"tags":[],"class_list":["post-11877","post","type-post","status-publish","format-standard","has-post-thumbnail","hentry","category-events"],"acf":[],"_links":{"self":[{"href":"https:\/\/childcancer.org\/es\/wp-json\/wp\/v2\/posts\/11877","targetHints":{"allow":["GET"]}}],"collection":[{"href":"https:\/\/childcancer.org\/es\/wp-json\/wp\/v2\/posts"}],"about":[{"href":"https:\/\/childcancer.org\/es\/wp-json\/wp\/v2\/types\/post"}],"author":[{"embeddable":true,"href":"https:\/\/childcancer.org\/es\/wp-json\/wp\/v2\/users\/5"}],"replies":[{"embeddable":true,"href":"https:\/\/childcancer.org\/es\/wp-json\/wp\/v2\/comments?post=11877"}],"version-history":[{"count":20,"href":"https:\/\/childcancer.org\/es\/wp-json\/wp\/v2\/posts\/11877\/revisions"}],"predecessor-version":[{"id":17561,"href":"https:\/\/childcancer.org\/es\/wp-json\/wp\/v2\/posts\/11877\/revisions\/17561"}],"wp:featuredmedia":[{"embeddable":true,"href":"https:\/\/childcancer.org\/es\/wp-json\/wp\/v2\/media\/14722"}],"wp:attachment":[{"href":"https:\/\/childcancer.org\/es\/wp-json\/wp\/v2\/media?parent=11877"}],"wp:term":[{"taxonomy":"category","embeddable":true,"href":"https:\/\/childcancer.org\/es\/wp-json\/wp\/v2\/categories?post=11877"},{"taxonomy":"post_tag","embeddable":true,"href":"https:\/\/childcancer.org\/es\/wp-json\/wp\/v2\/tags?post=11877"}],"curies":[{"name":"palabra clave","href":"https:\/\/api.w.org\/{rel}","templated":true}]}}